{"id":2086,"date":"2019-02-18T21:24:16","date_gmt":"2019-02-18T20:24:16","guid":{"rendered":"http:\/\/kartografieobcosci.uw.edu.pl\/?p=2086"},"modified":"2019-02-18T21:51:43","modified_gmt":"2019-02-18T20:51:43","slug":"posthumanizm-i-co-dalej-seminarium-moniki-bakke-posthumanism-and-what-is-next-seminar-by-monika-bakke","status":"publish","type":"post","link":"https:\/\/kartografieobcosci.uw.edu.pl\/index.php\/2019\/02\/18\/posthumanizm-i-co-dalej-seminarium-moniki-bakke-posthumanism-and-what-is-next-seminar-by-monika-bakke\/","title":{"rendered":"Posthumanizm i co dalej? &#8211; seminarium Moniki Bakke w Biennale Warszawa \/\/ Posthumanism and what is next? &#8211; Monika Bakke"},"content":{"rendered":"<p><strong>Kiedy:\u00a019 marca 2019, godz. 18.00<\/strong><\/p>\n<p><strong>Gdzie:\u00a0Biennale Warszawa, ul. Marsza\u0142kowska 34\/50<\/strong><\/p>\n<p>Projekt po\u015bwi\u0119cony dzisiejszej humanistyce by\u0142by niepe\u0142ny bez przyjrzenia si\u0119 wsp\u00f3\u0142czesnym tendencjom posthumanizmu i sformu\u0142owanej na ich gruncie krytyce humanizmu i humanistyki. Co posthumanizm m\u00f3wi nam o p\u00f3\u017anym antropocenie. Jak ukazuje miejsce cz\u0142owieka w kosmosie (i czym jest ten kosmos). Czym jest pojawiaj\u0105ca si\u0119 na gruncie posthumanizmu formu\u0142a \u201epostno\u015bci\u201d. Zagadnienia te, i wiele innych, zostan\u0105 poruszone na seminarium.<\/p>\n<p>Monika Bakke<br \/>\nProfesorka w Instytucie Filozofii Uniwersytetu im. Adama Mickiewicza w Poznaniu, autorka ksi\u0105zki \u201eBio-transfiguracje. Sztuka i estetyka posthumanizmu\u201d.<\/p>\n<p>&nbsp;<\/p>\n<p>Wst\u0119p wolny<br \/>\nZapisy na stronie <a href=\"https:\/\/biennalewarszawa.pl\/posthumanizm-i-co-dalej\/?fbclid=IwAR0Ll7qArHKR7ScWot0ZvpQEXNNphiLQOO44nxCihNjIIuMvkMZDIwL0Jqc\" target=\"_blank\" rel=\"nofollow noopener\" data-lynx-mode=\"hover\" data-lynx-uri=\"https:\/\/l.facebook.com\/l.php?u=https%3A%2F%2Fbiennalewarszawa.pl%2Fposthumanizm-i-co-dalej%2F%3Ffbclid%3DIwAR0Ll7qArHKR7ScWot0ZvpQEXNNphiLQOO44nxCihNjIIuMvkMZDIwL0Jqc&amp;h=AT0DFD1FdE0Lc-9QdCbbMWJLpWZthlJ6gGsHMwN9pyiZjX63Y3-q4mR-u5mUvvxcM6TgOdVg-GRbPKe5XZ47Ow7fl4ML8wf2MLu3NtOjNXWxkVj2F481BaD-2GnPYeoVCjduxi-aBA\">https:\/\/biennalewarszawa.pl\/posthumanizm-i-co-dalej\/<\/a><\/p>\n<p>Spotkanie jest cz\u0119\u015bci\u0105 cyklu &#8220;Humanistyka przysz\u0142o\u015bci&#8221;, kt\u00f3rego kuratorem jest Micha\u0142 Kuziak.<\/p>\n<p>***<br \/>\nHumanistyka przysz\u0142o\u015bci<br \/>\nCYKL SEMINARYJNY<br \/>\nKurator: Micha\u0142 Kuziak<br \/>\n(Warszawa, stycze\u0144 \u2013 maj 2019)<br \/>\nOrganizator: Biennale Warszawa<\/p>\n<p>Coraz cz\u0119\u015bciej i coraz wyra\u017aniej pojawia si\u0119 poczucie, \u017ce dotychczasowe narz\u0119dzia rozumienia i opisu \u015bwiata przestaj\u0105 wystarcza\u0107. Nie przystaj\u0105 do prze\u017cywanej rzeczywisto\u015bci. Nie pozwalaj\u0105 jej poznawa\u0107 i kszta\u0142towa\u0107. Podobnie jest z nowoczesnymi instytucjami wiedzy. Jednocze\u015bnie humanistyka zdaje si\u0119 coraz bardziej potrzebna, cho\u0107 poddawana egzorcyzmom w \u015bwiecie, w kt\u00f3rym w\u0142ada ekonomia neoliberalna. Bo przecie\u017c humanistyka rz\u0105dzi si\u0119 inn\u0105 ekonomi\u0105, wymykaj\u0105c\u0105 si\u0119 logice szybkiego i osi\u0105gni\u0119tego najmniejszym kosztem zysku. Rozwija empati\u0119, wyobra\u017ani\u0119, umo\u017cliwia rozumienie skomplikowanych proces\u00f3w bardzo p\u00f3\u017anej nowoczesno\u015bci. Linkowanie tego, co z pozoru nielinkowalne.<\/p>\n<p>Projekt \u201eHumanistyka przysz\u0142o\u015bci\u201d wyrasta z rozpoznania naszej wsp\u00f3\u0142czesno\u015bci jako czasu zmiany, w kt\u00f3rym wy\u0142ania si\u0119 nowy kszta\u0142t \u015bwiata, wymagaj\u0105cy nowych j\u0119zyk\u00f3w jego opisu i wytwarzania. Chcemy zar\u00f3wno pokaza\u0107 \u015blady nowego, jak i postawi\u0107 pytania o kierunki przysz\u0142ego rozwoju. Przede wszystkim wychodzimy z za\u0142o\u017cenia o potrzebie humanistyki, maj\u0105cej charakter polityczny (co nie oznacza \u2013 partyjny) i performatywny. Pozwalaj\u0105cej gruntownie rozpoznawa\u0107 otaczaj\u0105cy nas \u015bwiat, a tak\u017ce przekszta\u0142ca\u0107 go.<\/p>\n<p>B\u0119dziemy pyta\u0107 zw\u0142aszcza o sprawczy charakter r\u00f3\u017cnych projekt\u00f3w humanistycznych, o to, jak przek\u0142adaj\u0105 si\u0119 na praktyki spo\u0142eczne. Jak pozwalaj\u0105 my\u015ble\u0107 o tym, co nadchodzi i wymy\u015bla\u0107 to, co nadejdzie. Jak otwieraj\u0105 potencja\u0142 emancypacyjny. Zagadnienia te chcemy po\u0142\u0105czy\u0107 z pytaniem o uniwersytet przysz\u0142o\u015bci. Interesuje nas to jak nowa humanistyka wy\u0142ania si\u0119 (mo\u017ce si\u0119 wy\u0142oni\u0107) w Polsce i jak tu mo\u017ce pracowa\u0107.<\/p>\n<p>Projekt b\u0119dzie realizowany w spos\u00f3b zr\u00f3\u017cnicowany \u2013 w ramach wyk\u0142ad\u00f3w, seminari\u00f3w, debat; poszczeg\u00f3lne cz\u0119\u015bci poprowadz\u0105 zaproszeni go\u015bcie. Je\u017celi nawet humanistyka polska prze\u017cywa kryzys, to zarazem bez w\u0105tpienia w ostatnich latach pojawi\u0142o si\u0119 wiele wa\u017cnych ksi\u0105\u017cek, kt\u00f3re pozwalaj\u0105 lepiej rozumie\u0107 otaczaj\u0105cy \u015bwiat i my\u015ble\u0107 o jego przysz\u0142ym kszta\u0142cie. Mi\u0119dzy innymi b\u0119dziemy chcieli porozmawia\u0107 o tych ksi\u0105\u017ckach.<\/p>\n","protected":false},"excerpt":{"rendered":"<p>Kiedy:\u00a019 marca 2019, godz. 18.00 Gdzie:\u00a0Biennale Warszawa, ul. Marsza\u0142kowska 34\/50 Projekt po\u015bwi\u0119cony dzisiejszej humanistyce by\u0142by niepe\u0142ny bez przyjrzenia si\u0119 wsp\u00f3\u0142czesnym tendencjom posthumanizmu i sformu\u0142owanej na ich gruncie krytyce humanizmu i humanistyki. Co posthumanizm m\u00f3wi nam o p\u00f3\u017anym antropocenie. Jak ukazuje miejsce cz\u0142owieka w kosmosie (i czym jest ten kosmos). Czym jest pojawiaj\u0105ca si\u0119 na gruncie&hellip;<\/p>\n","protected":false},"author":4,"featured_media":2087,"comment_status":"closed","ping_status":"open","sticky":false,"template":"","format":"standard","meta":{"footnotes":""},"categories":[44],"tags":[],"class_list":["post-2086","post","type-post","status-publish","format-standard","has-post-thumbnail","hentry","category-aktualnosci","category-44","description-off"],"_links":{"self":[{"href":"https:\/\/kartografieobcosci.uw.edu.pl\/index.php\/wp-json\/wp\/v2\/posts\/2086","targetHints":{"allow":["GET"]}}],"collection":[{"href":"https:\/\/kartografieobcosci.uw.edu.pl\/index.php\/wp-json\/wp\/v2\/posts"}],"about":[{"href":"https:\/\/kartografieobcosci.uw.edu.pl\/index.php\/wp-json\/wp\/v2\/types\/post"}],"author":[{"embeddable":true,"href":"https:\/\/kartografieobcosci.uw.edu.pl\/index.php\/wp-json\/wp\/v2\/users\/4"}],"replies":[{"embeddable":true,"href":"https:\/\/kartografieobcosci.uw.edu.pl\/index.php\/wp-json\/wp\/v2\/comments?post=2086"}],"version-history":[{"count":3,"href":"https:\/\/kartografieobcosci.uw.edu.pl\/index.php\/wp-json\/wp\/v2\/posts\/2086\/revisions"}],"predecessor-version":[{"id":2090,"href":"https:\/\/kartografieobcosci.uw.edu.pl\/index.php\/wp-json\/wp\/v2\/posts\/2086\/revisions\/2090"}],"wp:featuredmedia":[{"embeddable":true,"href":"https:\/\/kartografieobcosci.uw.edu.pl\/index.php\/wp-json\/wp\/v2\/media\/2087"}],"wp:attachment":[{"href":"https:\/\/kartografieobcosci.uw.edu.pl\/index.php\/wp-json\/wp\/v2\/media?parent=2086"}],"wp:term":[{"taxonomy":"category","embeddable":true,"href":"https:\/\/kartografieobcosci.uw.edu.pl\/index.php\/wp-json\/wp\/v2\/categories?post=2086"},{"taxonomy":"post_tag","embeddable":true,"href":"https:\/\/kartografieobcosci.uw.edu.pl\/index.php\/wp-json\/wp\/v2\/tags?post=2086"}],"curies":[{"name":"wp","href":"https:\/\/api.w.org\/{rel}","templated":true}]}}