{"id":1866,"date":"2018-07-04T15:04:47","date_gmt":"2018-07-04T13:04:47","guid":{"rendered":"http:\/\/kartografieobcosci.uw.edu.pl\/?p=1866"},"modified":"2018-07-04T15:04:47","modified_gmt":"2018-07-04T13:04:47","slug":"miedzygatunkowy-performance-ogrod-miejski-jazdow-interspecies-performance-jazdow-city-garden","status":"publish","type":"post","link":"https:\/\/kartografieobcosci.uw.edu.pl\/index.php\/2018\/07\/04\/miedzygatunkowy-performance-ogrod-miejski-jazdow-interspecies-performance-jazdow-city-garden\/","title":{"rendered":"Mi\u0119dzygatunkowy Performance. Ogr\u00f3d Miejski Jazd\u00f3w \/\/ Interspecies Performance. Jazd\u00f3w City Garden"},"content":{"rendered":"<p>Wojciech Grudzi\u0144ski i Aleksandra Osowicz<br \/>\n\u201eMi\u0119dzygatunkowy Performance\u201d<\/p>\n<p>Koncepcja i wykonanie: Wojciech Grudzi\u0144ski i Aleksandra Osowicz<br \/>\nKonsultacje: Kr\u00f5\u00f5t Juurak &amp; Alex Bailey<\/p>\n<p>01\/07, 17:00<br \/>\n14\/07, 17:00<br \/>\n26\/08, 17:00<\/p>\n<p>\u201eOgrody by\u0142y i s\u0105 theatrum samej natury, kt\u00f3ra \u2013 bez wzgl\u0119du na to, jakie funkcje pe\u0142ni \u2013 jest wystawiana w nich na pokaz [\u2026]\u201d<br \/>\nMateusz Salwa, Estetyka ogrodu. \u201eMi\u0119dzy sztuk\u0105 a ekologi\u0105\u201d, Officyna, \u0141\u00f3d\u017a 2016, s. 139.<\/p>\n<p>Ka\u017cdy \u017cywy organizm przebywaj\u0105cy w ogrodach jest w pewnym sensie aktorem. Ca\u0142o\u015bciowo natomiast jako czasoprzestrzenne, dynamiczne twory, maj\u0105 one struktur\u0119 performansu, kt\u00f3rego sk\u0142adowymi s\u0105 zar\u00f3wno ludzkie, jak i inne ni\u017c ludzkie istoty oraz dzia\u0142ania i procesy. Tworz\u0105 one sie\u0107 zale\u017cno\u015bci, w ramach kt\u00f3rej cz\u0142owiek i natura nawzajem si\u0119 okre\u015blaj\u0105, oddzia\u0142uj\u0105c na siebie.<\/p>\n<p>Wojciech Grudzi\u0144ski i Aleksandra Osowicz wydzielaj\u0105 z samoreguluj\u0105cej si\u0119 ogrodowej partytury role ludzkich i innych wykonawc\u00f3w i czyni\u0105 z siebie performer\u00f3w wyst\u0119puj\u0105cych przed audytorium ro\u015blin i zwierz\u0105t. Wykonanie tego performansu b\u0119dzie mia\u0142o miejsce w Ogrodzie Miejskim Jazd\u00f3w i pozwoli artystom zobaczy\u0107 \u015bwiat z punktu widzenia innych organizm\u00f3w zamieszkuj\u0105cych ten teren. Niew\u0105tpliwie dzia\u0142anie to poszerzy grono odbiorc\u00f3w sztuki o inne gatunki, aczkolwiek ludzka publiczno\u015b\u0107 jest tak\u017ce mile widziana.<\/p>\n<p>Wydarzenie w ramach projektu Ogr\u00f3d Miejski Jazd\u00f3w. Naturomorficznie<br \/>\nKuratorka: Anna Czaban<\/p>\n<p>Wi\u0119cej o projekcje: <a href=\"https:\/\/l.facebook.com\/l.php?u=http%3A%2F%2Fu-jazdowski.pl%2Fprogram%2Fprogram-spoleczny%2F-ogrod-miejski-jazdow-%2Fnaturomorficznie&amp;h=AT2iplgraEJnnZgaepOHdIMqKVKZqFBZZJ5Bfgk4tnhBrLUkSDkU3xc0fQS3vRhWRWAbDOInI4KDmEdZ4TXHgsDPAmv5k5qBVYSCIN0NI9MN9RlH7kzyRNFxJOe4YCsrJzI2LfNYoA&amp;s=1\" target=\"_blank\" rel=\"noopener\">http:\/\/u-jazdowski.pl\/program\/program-spoleczny\/-ogrod-miejski-jazdow-\/naturomorficznie<\/a><\/p>\n<p>Partnerzy projektu:<br \/>\n<a href=\"https:\/\/www.facebook.com\/OgrodBotanicznyUW\/\" target=\"_blank\" rel=\"noopener\">Ogr\u00f3d Botaniczny Uniwersytetu Warszawskiego<\/a> i <a href=\"https:\/\/www.facebook.com\/Whamaku\/\" target=\"_blank\" rel=\"noopener\">Whamaku.pl<\/a><\/p>\n<p>&#8212;&#8212;&#8212;<br \/>\nWojciech Grudzi\u0144ski i Aleksandra Osowicz<br \/>\n&#8220;Interspecies Performance&#8221;<\/p>\n<p>Concept and performanceWojciech Grudzi\u0144ski and Aleksandra Osowicz<\/p>\n<p>Consultation: Kr\u00f5\u00f5t Juurak &amp; Alex Bailey<\/p>\n<p>&#8220;Gardens were and are the theatrum of nature itself, which\u2014no matter what functions it performs\u2014is exhibited in them for show [&#8230;].&#8221; Every living organism residing in them is in a sense an actor. As a whole, however, gardens as space-time, dynamic formations have a performative structure, whose components are both human and non-human beings, activities as well as processes. They form a network of dependencies in which man and nature define each other, interacting with each other. &#8221;<br \/>\nMateusz Salwa, Estetyka ogrodu. &#8220;Mi\u0119dzy sztuk\u0105 a ekologi\u0105&#8221; [&#8220;Garden Aesthetics. Between Art and Ecology&#8221;], Officyna, \u0141\u00f3d\u017a 2016, p. 139.<\/p>\n<p>Wojciech Grudzi\u0144ski and Aleksandra Osowicz are liberating the roles of human and non-human performers from the self-regulating garden scripts and deem themselves performers appearing before an auditorium of plants and animals. This performance will take place inside Jazd\u00f3w City Garden and will allow the artists to see the world from the point of view of the other organisms inhabiting this area. Through this action, art will most certainly acquire fans from other species, but humans are also welcome to attend.<\/p>\n<p>Performance in frames of Jazd\u00f3w City Garden. Naturomorphic.<br \/>\nCurator: Anna Czaban<\/p>\n<p>More about the project: <a href=\"https:\/\/l.facebook.com\/l.php?u=http%3A%2F%2Fu-jazdowski.pl%2Fen%2Fprogramme%2Fsocial-projects%2F-ogrod-miejski-jazdow-%2Fnaturomorficznie&amp;h=AT076BY94BstUqpVr41ojrWV7BlSmYgXJnH-612e4NI6It-DIlh3jUhUBnM-QBSSM-FFrST0qfjVEjrE95JBrdV0vQ8W-t_kVdKCrU3jqbW21YTdkkuRogQ07smGAg42TU6843e9_w&amp;s=1\" target=\"_blank\" rel=\"noopener\">http:\/\/u-jazdowski.pl\/en\/programme\/social-projects\/-ogrod-miejski-jazdow-\/naturomorficznie<\/a><\/p>\n","protected":false},"excerpt":{"rendered":"<p>Wojciech Grudzi\u0144ski i Aleksandra Osowicz \u201eMi\u0119dzygatunkowy Performance\u201d Koncepcja i wykonanie: Wojciech Grudzi\u0144ski i Aleksandra Osowicz Konsultacje: Kr\u00f5\u00f5t Juurak &amp; Alex Bailey 01\/07, 17:00 14\/07, 17:00 26\/08, 17:00 \u201eOgrody by\u0142y i s\u0105 theatrum samej natury, kt\u00f3ra \u2013 bez wzgl\u0119du na to, jakie funkcje pe\u0142ni \u2013 jest wystawiana w nich na pokaz [\u2026]\u201d Mateusz Salwa, Estetyka ogrodu.&hellip;<\/p>\n","protected":false},"author":4,"featured_media":1867,"comment_status":"closed","ping_status":"open","sticky":false,"template":"","format":"standard","meta":{"footnotes":""},"categories":[44],"tags":[],"class_list":["post-1866","post","type-post","status-publish","format-standard","has-post-thumbnail","hentry","category-aktualnosci","category-44","description-off"],"_links":{"self":[{"href":"https:\/\/kartografieobcosci.uw.edu.pl\/index.php\/wp-json\/wp\/v2\/posts\/1866","targetHints":{"allow":["GET"]}}],"collection":[{"href":"https:\/\/kartografieobcosci.uw.edu.pl\/index.php\/wp-json\/wp\/v2\/posts"}],"about":[{"href":"https:\/\/kartografieobcosci.uw.edu.pl\/index.php\/wp-json\/wp\/v2\/types\/post"}],"author":[{"embeddable":true,"href":"https:\/\/kartografieobcosci.uw.edu.pl\/index.php\/wp-json\/wp\/v2\/users\/4"}],"replies":[{"embeddable":true,"href":"https:\/\/kartografieobcosci.uw.edu.pl\/index.php\/wp-json\/wp\/v2\/comments?post=1866"}],"version-history":[{"count":1,"href":"https:\/\/kartografieobcosci.uw.edu.pl\/index.php\/wp-json\/wp\/v2\/posts\/1866\/revisions"}],"predecessor-version":[{"id":1868,"href":"https:\/\/kartografieobcosci.uw.edu.pl\/index.php\/wp-json\/wp\/v2\/posts\/1866\/revisions\/1868"}],"wp:featuredmedia":[{"embeddable":true,"href":"https:\/\/kartografieobcosci.uw.edu.pl\/index.php\/wp-json\/wp\/v2\/media\/1867"}],"wp:attachment":[{"href":"https:\/\/kartografieobcosci.uw.edu.pl\/index.php\/wp-json\/wp\/v2\/media?parent=1866"}],"wp:term":[{"taxonomy":"category","embeddable":true,"href":"https:\/\/kartografieobcosci.uw.edu.pl\/index.php\/wp-json\/wp\/v2\/categories?post=1866"},{"taxonomy":"post_tag","embeddable":true,"href":"https:\/\/kartografieobcosci.uw.edu.pl\/index.php\/wp-json\/wp\/v2\/tags?post=1866"}],"curies":[{"name":"wp","href":"https:\/\/api.w.org\/{rel}","templated":true}]}}