{"id":1683,"date":"2018-01-26T10:42:28","date_gmt":"2018-01-26T09:42:28","guid":{"rendered":"http:\/\/kartografieobcosci.uw.edu.pl\/?p=1683"},"modified":"2018-07-13T14:32:49","modified_gmt":"2018-07-13T12:32:49","slug":"galeria-warsztat-z-dr-malou-juelskjaer","status":"publish","type":"post","link":"https:\/\/kartografieobcosci.uw.edu.pl\/index.php\/2018\/01\/26\/galeria-warsztat-z-dr-malou-juelskjaer\/","title":{"rendered":"Galeria: warsztat z Dr Malou Juelskj\u00e6r \/\/ Gallery: workshop with dr. Malou Juelskj\u00e6r from Aarhus University"},"content":{"rendered":"<p>15 stycznia 2018 odby\u0142 si\u0119 warsztat z dr Malou\u00a0Juelskj\u00e6r z\u00a0Danish School of Education na Aarhus University.\u00a0Warsztat mia\u0142 mia\u0142 charakter wprowadzaj\u0105cy do teorii Karen Barad, a dyskusja oparta by\u0142a o dwa teksty:\u00a0K. Barad, Diffracting Diffraction: Cutting Together-Apart, \u201eParallax\u201d 20, 2014, s. 168-187. oraz K. Barad, M. Juelskj\u00e6r, N. Schwennesen, Intra-active Entanglements \u2013 An Interview with Karen Barad, \u201eKvinder, K\u00f8n &amp; Forskning\u201d 1-2, 2012, s. 10-23.<\/p>\n\n\t\t\t<style type='text\/css'>\n\t\t\t\t#gallery-1 {\n\t\t\t\t\tmargin: auto;\n\t\t\t\t}\n\t\t\t\t#gallery-1 .gallery-item {\n\t\t\t\t\tfloat: left;\n\t\t\t\t\tmargin-top: 10px;\n\t\t\t\t\ttext-align: center;\n\t\t\t\t\twidth: 33%;\n\t\t\t\t}\n\t\t\t\t#gallery-1 img {\n\t\t\t\t\tborder: 2px solid #cfcfcf;\n\t\t\t\t}\n\t\t\t\t#gallery-1 .gallery-caption {\n\t\t\t\t\tmargin-left: 0;\n\t\t\t\t}\n\t\t\t\t\/* see gallery_shortcode() in wp-includes\/media.php *\/\n\t\t\t<\/style>\n\t\t<div id='gallery-1' class='dt-gallery-container gallery galleryid-1683 gallery-columns-3 gallery-size-thumbnail'><dl class='gallery-item'>\n\t\t\t\t<dt class='gallery-icon landscape'>\n\t\t\t\t\t<a class=\"rollover rollover-zoom dt-pswp-item\" title=\"warsztat_15.01.2018 005\" data-dt-img-description=\"\" data-large_image_width=\"4320\" data-large_image_height=\"3240\"href='https:\/\/kartografieobcosci.uw.edu.pl\/wp-content\/uploads\/2018\/01\/warsztat_15.01.2018-005.jpg'><img loading=\"lazy\" decoding=\"async\" width=\"150\" height=\"150\" src=\"https:\/\/kartografieobcosci.uw.edu.pl\/wp-content\/uploads\/2018\/01\/warsztat_15.01.2018-005-150x150.jpg\" class=\"attachment-thumbnail size-thumbnail\" alt=\"\" aria-describedby=\"gallery-1-1684\" \/><\/a>\n\t\t\t\t<\/dt>\n\t\t\t\t\t<dd class='wp-caption-text gallery-caption' id='gallery-1-1684'>\n\t\t\t\t\tWARSZTATY Z DR MALOU JUELSKJ\u00c6R\n\t\t\t\t\t<\/dd><\/dl><dl class='gallery-item'>\n\t\t\t\t<dt class='gallery-icon landscape'>\n\t\t\t\t\t<a class=\"rollover rollover-zoom dt-pswp-item\" title=\"warsztat_15.01.2018 006\" data-dt-img-description=\"\" data-large_image_width=\"4320\" data-large_image_height=\"3240\"href='https:\/\/kartografieobcosci.uw.edu.pl\/wp-content\/uploads\/2018\/01\/warsztat_15.01.2018-006.jpg'><img loading=\"lazy\" decoding=\"async\" width=\"150\" height=\"150\" src=\"https:\/\/kartografieobcosci.uw.edu.pl\/wp-content\/uploads\/2018\/01\/warsztat_15.01.2018-006-150x150.jpg\" class=\"attachment-thumbnail size-thumbnail\" alt=\"\" aria-describedby=\"gallery-1-1685\" \/><\/a>\n\t\t\t\t<\/dt>\n\t\t\t\t\t<dd class='wp-caption-text gallery-caption' id='gallery-1-1685'>\n\t\t\t\t\tWARSZTATY Z DR MALOU JUELSKJ\u00c6R\n\t\t\t\t\t<\/dd><\/dl><dl class='gallery-item'>\n\t\t\t\t<dt class='gallery-icon landscape'>\n\t\t\t\t\t<a class=\"rollover rollover-zoom dt-pswp-item\" title=\"warsztat_15.01.2018 008\" data-dt-img-description=\"\" data-large_image_width=\"4320\" data-large_image_height=\"3240\"href='https:\/\/kartografieobcosci.uw.edu.pl\/wp-content\/uploads\/2018\/01\/warsztat_15.01.2018-008.jpg'><img loading=\"lazy\" decoding=\"async\" width=\"150\" height=\"150\" src=\"https:\/\/kartografieobcosci.uw.edu.pl\/wp-content\/uploads\/2018\/01\/warsztat_15.01.2018-008-150x150.jpg\" class=\"attachment-thumbnail size-thumbnail\" alt=\"\" aria-describedby=\"gallery-1-1686\" \/><\/a>\n\t\t\t\t<\/dt>\n\t\t\t\t\t<dd class='wp-caption-text gallery-caption' id='gallery-1-1686'>\n\t\t\t\t\tWARSZTATY Z DR MALOU JUELSKJ\u00c6R\n\t\t\t\t\t<\/dd><\/dl><br style=\"clear: both\" \/>\n\t\t\t<\/div>\n\n","protected":false},"excerpt":{"rendered":"<p>15 stycznia 2018 odby\u0142 si\u0119 warsztat z dr Malou\u00a0Juelskj\u00e6r z\u00a0Danish School of Education na Aarhus University.\u00a0Warsztat mia\u0142 mia\u0142 charakter wprowadzaj\u0105cy do teorii Karen Barad, a dyskusja oparta by\u0142a o dwa teksty:\u00a0K. Barad, Diffracting Diffraction: Cutting Together-Apart, \u201eParallax\u201d 20, 2014, s. 168-187. oraz K. Barad, M. Juelskj\u00e6r, N. Schwennesen, Intra-active Entanglements \u2013 An Interview with Karen&hellip;<\/p>\n","protected":false},"author":2,"featured_media":1686,"comment_status":"closed","ping_status":"open","sticky":false,"template":"","format":"standard","meta":{"footnotes":""},"categories":[44],"tags":[],"class_list":["post-1683","post","type-post","status-publish","format-standard","has-post-thumbnail","hentry","category-aktualnosci","category-44","description-off"],"_links":{"self":[{"href":"https:\/\/kartografieobcosci.uw.edu.pl\/index.php\/wp-json\/wp\/v2\/posts\/1683","targetHints":{"allow":["GET"]}}],"collection":[{"href":"https:\/\/kartografieobcosci.uw.edu.pl\/index.php\/wp-json\/wp\/v2\/posts"}],"about":[{"href":"https:\/\/kartografieobcosci.uw.edu.pl\/index.php\/wp-json\/wp\/v2\/types\/post"}],"author":[{"embeddable":true,"href":"https:\/\/kartografieobcosci.uw.edu.pl\/index.php\/wp-json\/wp\/v2\/users\/2"}],"replies":[{"embeddable":true,"href":"https:\/\/kartografieobcosci.uw.edu.pl\/index.php\/wp-json\/wp\/v2\/comments?post=1683"}],"version-history":[{"count":7,"href":"https:\/\/kartografieobcosci.uw.edu.pl\/index.php\/wp-json\/wp\/v2\/posts\/1683\/revisions"}],"predecessor-version":[{"id":1904,"href":"https:\/\/kartografieobcosci.uw.edu.pl\/index.php\/wp-json\/wp\/v2\/posts\/1683\/revisions\/1904"}],"wp:featuredmedia":[{"embeddable":true,"href":"https:\/\/kartografieobcosci.uw.edu.pl\/index.php\/wp-json\/wp\/v2\/media\/1686"}],"wp:attachment":[{"href":"https:\/\/kartografieobcosci.uw.edu.pl\/index.php\/wp-json\/wp\/v2\/media?parent=1683"}],"wp:term":[{"taxonomy":"category","embeddable":true,"href":"https:\/\/kartografieobcosci.uw.edu.pl\/index.php\/wp-json\/wp\/v2\/categories?post=1683"},{"taxonomy":"post_tag","embeddable":true,"href":"https:\/\/kartografieobcosci.uw.edu.pl\/index.php\/wp-json\/wp\/v2\/tags?post=1683"}],"curies":[{"name":"wp","href":"https:\/\/api.w.org\/{rel}","templated":true}]}}