{"id":1610,"date":"2017-12-09T22:30:49","date_gmt":"2017-12-09T21:30:49","guid":{"rendered":"http:\/\/kartografieobcosci.uw.edu.pl\/?p=1610"},"modified":"2018-07-13T13:39:22","modified_gmt":"2018-07-13T11:39:22","slug":"otwarty-nabor-na-rezydencje-performatywne-w-2018-roku","status":"publish","type":"post","link":"https:\/\/kartografieobcosci.uw.edu.pl\/index.php\/2017\/12\/09\/otwarty-nabor-na-rezydencje-performatywne-w-2018-roku\/","title":{"rendered":"Otwarty nab\u00f3r na rezydencje performatywne \/\/ Open call for performative residencies"},"content":{"rendered":"<h1 class=\"title-m max-w\"><em>Sprz\u0119\u017cenia zwrotne\u00a0<i class=\"finterp\">\u2013<\/i>\u00a0nadawanie i\u00a0przyjmowanie formy<\/em><\/h1>\n<h3><\/h3>\n<h3>Centrum Sztuki Wsp\u00f3\u0142czesnej Zamek Ujazdowski we wsp\u00f3\u0142pracy z\u00a0Instytutem Muzyki i\u00a0Ta\u0144ca oraz zespo\u0142em badawczym projektu\u00a0<em>Kartografie obco\u015bci<\/em>\u00a0pod kierownictwem dr hab<i class=\"finterp\">.<\/i>\u00a0Magdaleny \u015arody og\u0142asza nab\u00f3r na\u00a0tematyczne rezydencje performatywne dla polskich artyst\u00f3w w\u00a02018 roku<i class=\"finterp\">.<\/i><\/h3>\n<p>Zapraszamy polskich artyst\u00f3w szeroko rozumianych sztuk performatywnych\u00a0<i class=\"finterp\">\u2013<\/i>\u00a0performer\u00f3w<i class=\"finterp\">,<\/i>\u00a0choreograf\u00f3w<i class=\"finterp\">,<\/i>\u00a0artyst\u00f3w pracuj\u0105cych na\u00a0styku tych dyscyplin\u00a0<i class=\"finterp\">\u2013<\/i>\u00a0do\u00a0wzi\u0119cia udzia\u0142u w\u00a0miesi\u0119cznym programie rezydencji i\u00a0realizacji projekt\u00f3w<i class=\"finterp\">,<\/i>\u00a0kt\u00f3rych punktem wyj\u015bcia b\u0119d\u0105 tematy wypracowane w\u00a0ramach projektu badawczego<em>\u00a0Kartografie obco\u015bci<\/em><i class=\"finterp\">.<\/i><\/p>\n<p>&nbsp;<\/p>\n<p><strong>Tematy<\/strong><\/p>\n<p>1<i class=\"finterp\">.<\/i>\u00a0Czy odwo\u0142uj\u0105c si\u0119 do\u00a0rozpozna\u0144 francuskiej filozofki Catherine Malabou dotycz\u0105cych poj\u0119cia \u00a0plastyczno\u015bci<i class=\"finterp\">,<\/i>\u00a0mo\u017cemy bada\u0107 cia\u0142o pod k\u0105tem \u00a0rozpi\u0119cia mi\u0119dzy moc\u0105 nadawania formy a\u00a0moc\u0105 destrukcyjn\u0105<i class=\"finterp\">?<\/i><\/p>\n<p>2<i class=\"finterp\">.<\/i>\u00a0Co ods\u0142ania si\u0119<i class=\"finterp\">,<\/i>\u00a0kiedy odrzucimy dualistyczne podzia\u0142y b\u0119d\u0105ce cz\u0119sto \u017ar\u00f3d\u0142em wykluczenia<i class=\"finterp\">,<\/i>\u00a0jak sw\u00f3j<i class=\"finterp\">\/<\/i>obcy<i class=\"finterp\">,<\/i>\u00a0m\u0119\u017cczyzna<i class=\"finterp\">\/<\/i>kobieta<i class=\"finterp\">,<\/i>zachodni<i class=\"finterp\">\/<\/i>orientalny<i class=\"finterp\">,<\/i>\u00a0cywilizowany<i class=\"finterp\">\/<\/i>barbarzy\u0144ski<i class=\"finterp\">,<\/i>\u00a0j\u0119zyk<i class=\"finterp\">\/<\/i>cia\u0142o<i class=\"finterp\">,<\/i>teoria<i class=\"finterp\">\/<\/i>praktyka<i class=\"finterp\">,<\/i>\u00a0kultura<i class=\"finterp\">\/<\/i>natura<i class=\"finterp\">,<\/i>\u00a0pismo<i class=\"finterp\">\/<\/i>obraz<i class=\"finterp\">,<\/i>\u00a0cz\u0142owiek<i class=\"finterp\">\/<\/i>zwierz\u0119<i class=\"finterp\">?<\/i><\/p>\n<p>&nbsp;<\/p>\n<p><i class=\"finterp\"><\/i><strong>Termin rezydencji:\u00a0<\/strong>kwiecie\u0144 albo maj 2018<\/p>\n<p><strong>Termin nadsy\u0142ania zg\u0142osze\u0144:<\/strong>\u00a015 grudnia 2017<\/p>\n<p>&nbsp;<\/p>\n<p><strong>Oferujemy<\/strong><\/p>\n<ul>\n<li>stypendium w\u00a0wysoko\u015bci 4 000 z\u0142 brutto<i class=\"finterp\">,<\/i><\/li>\n<li>bud\u017cet produkcyjny\u00a0<i class=\"finterp\">(<\/i>od 5 000 z\u0142 do\u00a015 000 z\u0142<i class=\"finterp\">)<\/i><i class=\"finterp\">,<\/i><\/li>\n<li>prywatn\u0105 przestrze\u0144 \u0142\u0105cz\u0105c\u0105 funkcje mieszkania i\u00a0pracowni\u00a0<i class=\"finterp\">(<\/i>dla artyst\u00f3w spoza Warszawy<i class=\"finterp\">)<\/i><i class=\"finterp\">,<\/i><\/li>\n<li>dost\u0119p do\u00a0Sali im<i class=\"finterp\">.<\/i>\u00a0Wojciecha Krukowskiego\u00a0<i class=\"finterp\">(<\/i>terminy do\u00a0negocjacji w\u00a0zale\u017cno\u015bci od\u00a0specyfiki zaproponowanego projektu rezydencyjnego<i class=\"finterp\">)<\/i><i class=\"finterp\">,\u00a0<\/i><\/li>\n<li><i class=\"finterp\"><\/i>wsp\u00f3\u0142prac\u0119 z\u00a0zespo\u0142em badawczym projektu\u00a0<em>Kartografie obco\u015bci<i class=\"finterp\">.<\/i><\/em><\/li>\n<\/ul>\n<p>&nbsp;<\/p>\n<p><strong>Jak aplikowa\u0107<\/strong><\/p>\n<p>Zainteresowane osoby prosimy o\u00a0przes\u0142anie zg\u0142oszenia na\u00a0adres\u00a0<a href=\"mailto:opencall@u-jazdowski.pl\">opencall@u<i class=\"finterp\">&#8211;<\/i>jazdowski<i class=\"finterp\">.<\/i>pl<\/a><i class=\"finterp\">.\u00a0<\/i>Aplikacja powinna mie\u0107 form\u0119 jednego pliku\u00a0<i class=\"finterp\">.<\/i>pdf zawieraj\u0105cego w\u00a0tytule imi\u0119 i\u00a0nazwisko\u00a0<i class=\"finterp\">(<\/i>np<i class=\"finterp\">.<\/i>\u00a0Imi\u0119_Nazwisko<i class=\"finterp\">.<\/i>pdf<i class=\"finterp\">)<\/i>\u00a0i\u00a0obejmuj\u0105cego nast\u0119puj\u0105ce elementy<i class=\"finterp\">:\u00a0<\/i>koncepcj\u0119 projektu wraz z\u00a0szacunkowym bud\u017cetem brutto<i class=\"finterp\">,\u00a0<\/i>CV<i class=\"finterp\">,\u00a0<\/i>portfolio<i class=\"finterp\">.<\/i><\/p>\n<p style=\"display: inline !important;\">Plik nie powinien by\u0107 wi\u0119kszy ni\u017c 10 MB<i class=\"finterp\">.<\/i><\/p>\n<p>&nbsp;<\/p>\n<p><strong>Termin og\u0142oszenia wynik\u00f3w:<\/strong> ok<i class=\"finterp\">.<\/i>\u00a015<i class=\"finterp\">\/<\/i>01<i class=\"finterp\">\/<\/i>2018<\/p>\n<p>Do udzia\u0142u w\u00a0projekcie zaproszonych zostanie maksymalnie troje artyst\u00f3w<i class=\"finterp\">\/<\/i>artystek<i class=\"finterp\">.<\/i>\u00a0Z\u00a0tego minimum jeden choreograf<i class=\"finterp\">\/<\/i>choreografka<i class=\"finterp\">.<\/i>Decyzja o\u00a0wyborze konkretnych kandydat\u00f3w zostanie podj\u0119ta na\u00a0podstawie oceny ich dotychczasowego dorobku oraz przedstawionego projektu<i class=\"finterp\">.<\/i>Wyboru dokona komisja sk\u0142adaj\u0105c\u0105 si\u0119 z\u00a0kuratorki Centrum Sztuki Wsp\u00f3\u0142czesnej Zamek Ujazdowski<i class=\"finterp\">,<\/i>\u00a0przedstawiciela Instytutu Muzyki i\u00a0Ta\u0144ca oraz przedstawiciela grantu badawczego\u00a0<em>Kartografie obco\u015bci<\/em><i class=\"finterp\">.<\/i><\/p>\n<p><strong>Wi\u0119cej<\/strong>:\u00a0<a href=\"http:\/\/u-jazdowski.pl\/program\/rezydencje\/open-calls\/sprzezenia-zwrotne\">http:\/\/u-jazdowski.pl\/program\/rezydencje\/open-calls\/sprzezenia-zwrotne<\/a><\/p>\n<p>&nbsp;<\/p>\n<p>&nbsp;<\/p>\n","protected":false},"excerpt":{"rendered":"<p>Sprz\u0119\u017cenia zwrotne\u00a0\u2013\u00a0nadawanie i\u00a0przyjmowanie formy Centrum Sztuki Wsp\u00f3\u0142czesnej Zamek Ujazdowski we wsp\u00f3\u0142pracy z\u00a0Instytutem Muzyki i\u00a0Ta\u0144ca oraz zespo\u0142em badawczym projektu\u00a0Kartografie obco\u015bci\u00a0pod kierownictwem dr hab.\u00a0Magdaleny \u015arody og\u0142asza nab\u00f3r na\u00a0tematyczne rezydencje performatywne dla polskich artyst\u00f3w w\u00a02018 roku. Zapraszamy polskich artyst\u00f3w szeroko rozumianych sztuk performatywnych\u00a0\u2013\u00a0performer\u00f3w,\u00a0choreograf\u00f3w,\u00a0artyst\u00f3w pracuj\u0105cych na\u00a0styku tych dyscyplin\u00a0\u2013\u00a0do\u00a0wzi\u0119cia udzia\u0142u w\u00a0miesi\u0119cznym programie rezydencji i\u00a0realizacji projekt\u00f3w,\u00a0kt\u00f3rych punktem wyj\u015bcia b\u0119d\u0105 tematy wypracowane&hellip;<\/p>\n","protected":false},"author":2,"featured_media":1584,"comment_status":"closed","ping_status":"open","sticky":false,"template":"","format":"standard","meta":{"footnotes":""},"categories":[44],"tags":[],"class_list":["post-1610","post","type-post","status-publish","format-standard","has-post-thumbnail","hentry","category-aktualnosci","category-44","description-off"],"_links":{"self":[{"href":"https:\/\/kartografieobcosci.uw.edu.pl\/index.php\/wp-json\/wp\/v2\/posts\/1610","targetHints":{"allow":["GET"]}}],"collection":[{"href":"https:\/\/kartografieobcosci.uw.edu.pl\/index.php\/wp-json\/wp\/v2\/posts"}],"about":[{"href":"https:\/\/kartografieobcosci.uw.edu.pl\/index.php\/wp-json\/wp\/v2\/types\/post"}],"author":[{"embeddable":true,"href":"https:\/\/kartografieobcosci.uw.edu.pl\/index.php\/wp-json\/wp\/v2\/users\/2"}],"replies":[{"embeddable":true,"href":"https:\/\/kartografieobcosci.uw.edu.pl\/index.php\/wp-json\/wp\/v2\/comments?post=1610"}],"version-history":[{"count":5,"href":"https:\/\/kartografieobcosci.uw.edu.pl\/index.php\/wp-json\/wp\/v2\/posts\/1610\/revisions"}],"predecessor-version":[{"id":1832,"href":"https:\/\/kartografieobcosci.uw.edu.pl\/index.php\/wp-json\/wp\/v2\/posts\/1610\/revisions\/1832"}],"wp:featuredmedia":[{"embeddable":true,"href":"https:\/\/kartografieobcosci.uw.edu.pl\/index.php\/wp-json\/wp\/v2\/media\/1584"}],"wp:attachment":[{"href":"https:\/\/kartografieobcosci.uw.edu.pl\/index.php\/wp-json\/wp\/v2\/media?parent=1610"}],"wp:term":[{"taxonomy":"category","embeddable":true,"href":"https:\/\/kartografieobcosci.uw.edu.pl\/index.php\/wp-json\/wp\/v2\/categories?post=1610"},{"taxonomy":"post_tag","embeddable":true,"href":"https:\/\/kartografieobcosci.uw.edu.pl\/index.php\/wp-json\/wp\/v2\/tags?post=1610"}],"curies":[{"name":"wp","href":"https:\/\/api.w.org\/{rel}","templated":true}]}}