{"id":1568,"date":"2017-12-16T02:24:51","date_gmt":"2017-12-16T01:24:51","guid":{"rendered":"http:\/\/kartografieobcosci.uw.edu.pl\/?p=1568"},"modified":"2018-07-01T21:30:26","modified_gmt":"2018-07-01T19:30:26","slug":"zaproszenie-warsztaty-z-malou-juelskjaer","status":"publish","type":"post","link":"https:\/\/kartografieobcosci.uw.edu.pl\/index.php\/2017\/12\/16\/zaproszenie-warsztaty-z-malou-juelskjaer\/","title":{"rendered":"Zaproszenie: warsztaty z Dr Malou Juelskj\u00e6r &#8220;Thinking with Karen Barad&#8221;\/ Invitation: workshops with Dr. Malou Juelskj\u00e6r"},"content":{"rendered":"<p>Zapraszamy na warsztaty z Dr Malou Juelskj\u00e6r<br \/>\n(Danish School of Education, Aarhus University):<\/p>\n<p><em>Thinking with Karen Barad<\/em><\/p>\n<p>15 stycznia 2018<br \/>\nMiejsce: zostanie podane przy rejestracji (w Warszawie)<br \/>\nCzas: 11:00-13:00<\/p>\n<p>Warsztaty odb\u0119d\u0105 si\u0119 w j\u0119zyku angielskim. B\u0119d\u0105 one mia\u0142y charakter wprowadzaj\u0105cy do teorii Karen Barad. Podczas warsztat\u00f3w b\u0119dziemy dyskutowa\u0107 o dw\u00f3ch tekstach:<\/p>\n<p>K. Barad, <em>Diffracting Diffraction: Cutting Together-Apart<\/em>, \u201eParallax\u201d 20, 2014, s. 168-187.\u00a0oraz K. Barad, M. Juelskj\u00e6r, N. Schwennesen, <em>Intra-active Entanglements \u2013 An Interview with Karen Barad<\/em>, \u201eKvinder, K\u00f8n &amp; Forskning\u201d 1-2, 2012, s. 10-23.<\/p>\n<p>Liczba miejsc jest ograniczona, osoby ch\u0119tne do uczestnictwa prosimy o wys\u0142anie maila na adres: <a href=\"mailto:monika.rogowska@gmail.com%20\">monika.rogowska@gmail.com \u00a0<\/a>do zg\u0142oszenia prosimy za\u0142\u0105czy\u0107 kr\u00f3tki (300-500 s\u0142\u00f3w) opis swoich bada\u0144 i zainteresowa\u0144 badawczych (do 03.01.2018).<\/p>\n<p>Teksty zostan\u0105 przes\u0142ane uczestnikom i uczestniczkom przy potwierdzeniu rejestracji (do 08.01.2018).<\/p>\n<p>Dr Malou Juelskj\u00e6r jest psycholo\u017ck\u0105 spo\u0142eczn\u0105, profesork\u0105 w Danish School of Education na Aarhus University; jest r\u00f3wnie\u017c cz\u0142onkini\u0105 Management Committee sieci COST Action: \u201eNew Materialism: Networking European Scholarship on &#8216;How Matter Comes to Matter\u2019\u201d (<a href=\"http:\/\/newmaterialism.eu\/\">http:\/\/newmaterialism.eu\/<\/a>). Od lat w swoich badaniach my\u015bli-wraz-z Karen Barad. Wsp\u00f3\u0142autorka pozycji \u201eLearning Bodies\u201d, autorka wielu esej\u00f3w, ostatnio m.in.: \u201eA pace of our own. Becoming through speeds and slows: investigating living through temporal ontologies of the university\u201d (wraz z Monik\u0105 Rogowsk\u0105-Stangret, <a href=\"http:\/\/www.lectitopublishing.nl\/Article\/Detail\/WYQD6AIJ\">http:\/\/www.lectitopublishing.nl\/Article\/Detail\/WYQD6AIJ<\/a>) oraz \u201eAtmospheric encounters: generic competences in light of posthumanist teaching practices with\/on affectivity\u201d (w: \u201eTheories of affect and concepts in generic skills education: adventurous Encounters\u201d, red. Edyta Just &amp; Wera Grahn, Cambridge Scholars Publishing, Cambridge 2017, s. 65-89). Obecnie pracuje nad ksi\u0105\u017ck\u0105 po\u015bwi\u0119con\u0105 Karen Barad oraz jako wsp\u00f3\u0142autorka nad ksi\u0105\u017ck\u0105 \u201eResearch practices in conversation. Engaging in worldings through Agential Realism\u201d.<\/p>\n<p>Wydarzenie odbywa si\u0119 w ramach projektu: \u201eKartografie obco\u015bci, inno\u015bci, w(y)kluczenia. Perspektywa filozofii i sztuki wsp\u00f3\u0142czesnej\u201d (kierownik: prof. UW, dr hab. Magdalena \u015aroda) finansowanego w ramach programu Ministra Nauki i Szkolnictwa Wy\u017cszego pod nazw\u0105 \u201eNarodowy Program Rozwoju Humanistyki\u201d w latach 2016-2019.<\/p>\n<p>Partnerem spotkania jest PM na trawie<br \/>\n<img loading=\"lazy\" decoding=\"async\" class=\"size-full wp-image-1664 alignnone\" src=\"http:\/\/kartografieobcosci.uw.edu.pl\/wp-content\/uploads\/2017\/12\/PM_NaTrawie.jpg\" alt=\"\" width=\"250\" height=\"250\" srcset=\"https:\/\/kartografieobcosci.uw.edu.pl\/wp-content\/uploads\/2017\/12\/PM_NaTrawie.jpg 250w, https:\/\/kartografieobcosci.uw.edu.pl\/wp-content\/uploads\/2017\/12\/PM_NaTrawie-150x150.jpg 150w\" sizes=\"auto, (max-width: 250px) 100vw, 250px\" \/><\/p>\n<p>We invite you to take part in workshops with Dr. Malou Juelskj\u00e6r<br \/>\n(Danish School of Education, Aarhus University):<\/p>\n<p><em>Thinking with Karen Barad<\/em><\/p>\n<p>January 15, 2018<br \/>\nPlace: to be confirmed (in Warsaw)<br \/>\nTime: 11:00-13:00<\/p>\n<p>The workshop will be held in English. It will serve as an introduction to Karen Barad\u2019s theory and we will discuss two texts: K. Barad, <em>Diffracting Diffraction: Cutting Together-Apart<\/em>, \u201cParallax\u201d 20, 2014, p. 168-187\u00a0and K. Barad, M. Juelskj\u00e6r, N. Schwennesen, <em>Intra-active Entanglements \u2013 An Interview with Karen Barad,<\/em> \u201cKvinder, K\u00f8n &amp; Forskning\u201d 1-2, 2012, p. 10-23.<\/p>\n<p>The number of participants is limited. If you wish to participate please send an e-mail to \u00a0<a href=\"mailto:monika.rogowska@gmail.com%20\">monika.rogowska@gmail.com <\/a>together with a short (300-500 words) position paper concerning you research interests and projects (due 3<sup>rd<\/sup> Jan 2018).<\/p>\n<p>The texts will be sent to participants simultaneously with registration confirmation (on 8<sup>th<\/sup> Jan 2018).<\/p>\n<p>Dr. Malou Juelskj\u00e6r is a social psychologist, works as an associate professor at Danish School of Education, Aarhus University, and she is the Member of the Management Committee of the COST Action IS1307: \u201cNew Materialism: Networking European Scholarship on &#8216;How Matter Comes to Matter\u2019\u201d (<a href=\"http:\/\/newmaterialism.eu\/\">http:\/\/newmaterialism.eu\/<\/a>). She has been thinking-with Karen Barad for some time now. Coauthor of \u201cLearning Bodies\u201d, author of many essays, recently, among other things: \u201cA pace of our own. Becoming through speeds and slows: investigating living through temporal ontologies of the university\u201d (with Monika Rogowska-Stangret, <a href=\"http:\/\/www.lectitopublishing.nl\/Article\/Detail\/WYQD6AIJ\">http:\/\/www.lectitopublishing.nl\/Article\/Detail\/WYQD6AIJ<\/a>) and \u201cAtmospheric encounters: generic competences in light of posthumanist teaching practices with\/on affectivity\u201d (in: \u201cTheories of affect and concepts in generic skills education: adventurous Encounters\u201d, ed. Edyta Just &amp; Wera Grahn, Cambridge Scholars Publishing, Cambridge 2017, s. 65-89). Currently she works on the book on Karen Barad and \u2013 as co-author \u2013 on the book \u201eResearch practices in conversation. Engaging in worldings through Agential Realism\u201d.<\/p>\n<p>The event is a part of the project \u201cCartographies of strangeness, otherness, and (ex)(in)clusion. The perspective of contemporary philosophy and art\u201d (head: prof. Magdalena \u015aroda) funded by the Ministry of Science and Higher Education under the National Programme for the Development of the Humanities in the years 2016-2019.<\/p>\n<p>Meeting in organized in partnership with:<\/p>\n<p><img loading=\"lazy\" decoding=\"async\" class=\"alignleft size-full wp-image-1664\" src=\"http:\/\/kartografieobcosci.uw.edu.pl\/wp-content\/uploads\/2017\/12\/PM_NaTrawie.jpg\" alt=\"\" width=\"250\" height=\"250\" srcset=\"https:\/\/kartografieobcosci.uw.edu.pl\/wp-content\/uploads\/2017\/12\/PM_NaTrawie.jpg 250w, https:\/\/kartografieobcosci.uw.edu.pl\/wp-content\/uploads\/2017\/12\/PM_NaTrawie-150x150.jpg 150w\" sizes=\"auto, (max-width: 250px) 100vw, 250px\" \/><\/p>\n","protected":false},"excerpt":{"rendered":"<p>Zapraszamy na warsztaty z Dr Malou Juelskj\u00e6r (Danish School of Education, Aarhus University): Thinking with Karen Barad 15 stycznia 2018 Miejsce: zostanie podane przy rejestracji (w Warszawie) Czas: 11:00-13:00 Warsztaty odb\u0119d\u0105 si\u0119 w j\u0119zyku angielskim. B\u0119d\u0105 one mia\u0142y charakter wprowadzaj\u0105cy do teorii Karen Barad. Podczas warsztat\u00f3w b\u0119dziemy dyskutowa\u0107 o dw\u00f3ch tekstach: K. Barad, Diffracting Diffraction:&hellip;<\/p>\n","protected":false},"author":2,"featured_media":1577,"comment_status":"open","ping_status":"open","sticky":false,"template":"","format":"standard","meta":{"footnotes":""},"categories":[44],"tags":[],"class_list":["post-1568","post","type-post","status-publish","format-standard","has-post-thumbnail","hentry","category-aktualnosci","category-44","description-off"],"_links":{"self":[{"href":"https:\/\/kartografieobcosci.uw.edu.pl\/index.php\/wp-json\/wp\/v2\/posts\/1568","targetHints":{"allow":["GET"]}}],"collection":[{"href":"https:\/\/kartografieobcosci.uw.edu.pl\/index.php\/wp-json\/wp\/v2\/posts"}],"about":[{"href":"https:\/\/kartografieobcosci.uw.edu.pl\/index.php\/wp-json\/wp\/v2\/types\/post"}],"author":[{"embeddable":true,"href":"https:\/\/kartografieobcosci.uw.edu.pl\/index.php\/wp-json\/wp\/v2\/users\/2"}],"replies":[{"embeddable":true,"href":"https:\/\/kartografieobcosci.uw.edu.pl\/index.php\/wp-json\/wp\/v2\/comments?post=1568"}],"version-history":[{"count":10,"href":"https:\/\/kartografieobcosci.uw.edu.pl\/index.php\/wp-json\/wp\/v2\/posts\/1568\/revisions"}],"predecessor-version":[{"id":1851,"href":"https:\/\/kartografieobcosci.uw.edu.pl\/index.php\/wp-json\/wp\/v2\/posts\/1568\/revisions\/1851"}],"wp:featuredmedia":[{"embeddable":true,"href":"https:\/\/kartografieobcosci.uw.edu.pl\/index.php\/wp-json\/wp\/v2\/media\/1577"}],"wp:attachment":[{"href":"https:\/\/kartografieobcosci.uw.edu.pl\/index.php\/wp-json\/wp\/v2\/media?parent=1568"}],"wp:term":[{"taxonomy":"category","embeddable":true,"href":"https:\/\/kartografieobcosci.uw.edu.pl\/index.php\/wp-json\/wp\/v2\/categories?post=1568"},{"taxonomy":"post_tag","embeddable":true,"href":"https:\/\/kartografieobcosci.uw.edu.pl\/index.php\/wp-json\/wp\/v2\/tags?post=1568"}],"curies":[{"name":"wp","href":"https:\/\/api.w.org\/{rel}","templated":true}]}}